{"id":869,"__str__":"Indica\u00e7\u00e3o n\u00ba 51 de 2026","link_detail_backend":"/materia/869","metadata":{"signs":{"texto_original":{"admin":[],"autores":[["Walderiz Vieira Leitao",["2026-02-26T09:38:50-03:00","ICP-Brasil"]]]}}},"numero":51,"ano":2026,"numero_protocolo":115,"data_apresentacao":"2026-02-26","tipo_apresentacao":"","data_publicacao":null,"numero_origem_externa":"","ano_origem_externa":null,"data_origem_externa":null,"apelido":"","dias_prazo":null,"data_fim_prazo":null,"em_tramitacao":false,"polemica":false,"objeto":"","complementar":false,"ementa":"Que o Poder Executivo Municipal, por meio da Secretaria competente, adote as provid\u00eancias e articula\u00e7\u00f5es institucionais necess\u00e1rias junto ao Departamento de Estradas de Rodagem \u2013 DER, visando \u00e0 implanta\u00e7\u00e3o de uma pista/ciclovia \u00e0s margens da BR-402, ao menos no trecho que compreende as Comunidades de Santa Tereza e Lagoa Seca, garantindo maior seguran\u00e7a aos ciclistas que utilizam diariamente a via.","indexacao":"","observacao":"","resultado":"","texto_original":"http://sapl.saofrancisco.mg.leg.br/media/sapl/public/materialegislativa/2026/869/indicacao_no_51-2026_-_assinada.pdf","data_ultima_atualizacao":"2026-03-04T07:41:48.725654-03:00","ip":"","ultima_edicao":null,"tipo":5,"regime_tramitacao":1,"tipo_origem_externa":null,"local_origem_externa":null,"user":null,"anexadas":[],"autores":[21]}